{"id":1142,"date":"2022-06-02T06:51:40","date_gmt":"2022-06-02T05:51:40","guid":{"rendered":"http:\/\/willydezutter.be\/?p=1142"},"modified":"2022-06-02T06:51:40","modified_gmt":"2022-06-02T05:51:40","slug":"franz-liszt-en-de-vrijmetselarij","status":"publish","type":"post","link":"https:\/\/willydezutter.be\/?p=1142","title":{"rendered":"Franz Liszt en de vrijmetselarij"},"content":{"rendered":"\n<p>In tegenstelling tot W.A. Mozart (1756-1791), die muziek schreef voor ma\u00e7onnieke inwijdingen, was dit engagement er niet bij Franz Liszt (1811-1886) hoewel hij ingewijd werd in de vrijmetselarij.  <\/p>\n\n\n\n<p>Dat gebeurde op 18 september 1841 waar hij toetrad tot de loge &#8220;Zur Einigkeit&#8221; in Frankfurt am Main.  Hij vulde op het voorgedrukte aanvraagformulier (dat bewaard bleef) in dat hij rooms-katholiek was en in Parijs woonde.  Hij moest niet wachten en kon onmiddellijk ingewijd worden.  De Voorzittend Meester was de beroemde Georg Kloss (1787-1854), hoogleraar geneeskunde (1).  Een rondreizende pianovirtuoos beschikt niet over zoveel tijd.  Dat bleek andermaal het geval toen hij een oponthoud had in Berlijn en daar, na toelating van Frankfurt, in februari 1842 op \u00e9\u00e9n en dezelfde dag bij de loge &#8220;Zur Eintracht&#8221; werd bevorderd tot gezel en verheven tot meester. <\/p>\n\n\n\n<p>Na 1848 schijnt hij het contact met de vrijmetselarij te hebben verloren. Dat past ook wel in het algemene beeld van een vrijmetselarij die evolueerde in antiklerikale richting.  Hij kon al evenmin wachten toen hij op 30 juli 1865 in Rome op \u00e9\u00e9n dag alle vier de lagere wijdingen ontving binnen de R.K. Kerk.  Hij kreeg de tonsuur maar bleef subdiaken.  Dat is de reden waarom hij soms wordt aangesproken als &#8220;abb\u00e9&#8221; Liszt (2).  <\/p>\n\n\n\n<div class=\"wp-block-image\"><figure class=\"aligncenter size-large is-resized\"><img loading=\"lazy\" decoding=\"async\" src=\"http:\/\/willydezutter.be\/wp-content\/uploads\/2020\/11\/220px-Liszt-1870-1.jpg\" alt=\"\" class=\"wp-image-1004\" width=\"365\" height=\"566\" srcset=\"https:\/\/willydezutter.be\/wp-content\/uploads\/2020\/11\/220px-Liszt-1870-1.jpg 220w, https:\/\/willydezutter.be\/wp-content\/uploads\/2020\/11\/220px-Liszt-1870-1-194x300.jpg 194w\" sizes=\"(max-width: 365px) 100vw, 365px\" \/><figcaption>Franz Liszt<\/figcaption><\/figure><\/div>\n\n\n\n<p>Toch kwam Liszt veelvuldig in contact met de vooraanstaande Belgische ma\u00e7on Victor Lynen in Antwerpen.  Victor Lynen, groothandelaar in Antwerpen, stamde uit een &#8220;Kupfermeisterfamilie&#8221; (messingindustrie) uit Stolberg (D).  Zijn vader William vestigde zich in 1833 in Antwerpen waar Victor geboren werd op 30 september 1834.  In 1855 verkreeg hij de Belgische nationaliteit.  Wanneer hij overlijdt op 8 oktober 1894 worden familie, vrienden en zakenrelaties uitgenodigd op de burgerlijke begrafenis.  Victor Lynen werd in 1863 ingewijd bij de Antwerpse loge &#8220;Les Amis du Commerce et de la Pers\u00e9v\u00e9rance r\u00e9unis&#8221; waar hij tweemaal Voorzittend Meester werd.  Van 1887 tot 1889 was hij grootmeester van het Grootoosten van Belgi\u00eb.  Hij stond bekend voor zijn filantropie en mecenaat.  <\/p>\n\n\n\n<p>De 69-jarige Franz Liszt gaf in 1881 een concert in Antwerpen en logeerde van 24 tot 29 mei bij Victor Lynen en dat zal nog eens het geval zijn in 1882, 1885 en 1886. In 1886 vertoefde hij ten huize Lynen van 20 april tot 27 april.  Dat viel juist in de &#8220;goede week&#8221; van Pasen en Liszt volgde de diensten in de kerk van Sint-Jozef, gelegen op 300 meter van de woning van Victor Lynen (3).  Op 7 mei 1882 gaf Victor Lynen in zijn salons een concert ter ere van Liszt.  Ter afsluiting zong de bariton E. Blauwaert drie ma\u00e7onnieke cantates van Gustave Huberti (1843-1910), lid van de vrijmetselaarsloge &#8220;Les Amis Philantropes&#8221; in Brussel (4).  <\/p>\n\n\n\n<p>Bij zijn bezoek aan Antwerpen in&nbsp;&nbsp;1886 klaagde de toen 74-jarige Liszt over vermoeidheid en zou op 31 juli 1886 overlijden tijdens de Bayreuther Festspiele.  De connectie Liszt-Lynen is een mooi voorbeeld van vriendschap en tolerantie die de ideologische scheidslijnen overschreed.  Liszt mocht braaf ter kerke maar Lynen hield consequent vast aan zijn adagium &#8220;Le pr\u00eatre \u00e0 L\u2019\u00c9glise !  L\u2019instituteur \u00e0 l\u2019\u00e9cole&#8221; en trakteerde hem op ma\u00e7onnieke cantates (5).<\/p>\n\n\n\n<p>Willy Dezutter<\/p>\n\n\n\n<p>1 De indrukwekkende ma\u00e7onnieke bibliotheek van Kloss kwam na zijn overlijden, door bemiddeling van grootmeester Prins Frederik (1797-1881) terecht in de bibliotheek van het Grootoosten der Nederlanden in Den Haag..<\/p>\n\n\n\n<p>2 Biografie op&nbsp;<a href=\"http:\/\/www.lisztkring.nl\/\">www.lisztkring.nl<\/a> .<\/p>\n\n\n\n<p>3 Erik Baeck en Hedwige Baeck-Schilders, Victor Lynen, Antwerpse gastheer van Franz Liszt, in: Tijdschrift van de Franz Liszt Kring, 2012, p. 10-21.<\/p>\n\n\n\n<p>4 Erik Baeck en Hedwige Baeck-Schilders, Liszt et Anvers, in: Revue de musicologie, 1994,2, p. 306-322.  In 1879 speelde men de cantate &#8220;La Cons\u00e9cration du Temple&#8221; van componist G. Huberti bij de inwijding van de nieuwe tempel van &#8220;Les Amis Philantropes&#8221; in Brussel.<\/p>\n\n\n\n<p>5 Op zes maart 1841 trad F. Liszt op in de concertzaal van Brugge. Zie: Willy Dezuttter, Jean-Antoine Meerens (1804-1864): musicus, componist en vrijmetselaar, in: Brugs Ommeland, 61 (2021), 4, p. 278-284.&nbsp;<\/p>\n","protected":false},"excerpt":{"rendered":"<p>In tegenstelling tot W.A. Mozart (1756-1791), die muziek schreef voor ma\u00e7onnieke inwijdingen, was dit engagement er niet bij Franz Liszt (1811-1886) hoewel hij ingewijd werd in de vrijmetselarij. Dat gebeurde op 18 september 1841 waar hij toetrad tot de loge &#8220;Zur Einigkeit&#8221; in Frankfurt am Main. Hij vulde op het voorgedrukte aanvraagformulier (dat bewaard bleef) [&hellip;]<\/p>\n","protected":false},"author":3,"featured_media":0,"comment_status":"closed","ping_status":"open","sticky":false,"template":"","format":"standard","meta":{"footnotes":""},"categories":[13],"tags":[660,657,661,659],"_links":{"self":[{"href":"https:\/\/willydezutter.be\/index.php?rest_route=\/wp\/v2\/posts\/1142"}],"collection":[{"href":"https:\/\/willydezutter.be\/index.php?rest_route=\/wp\/v2\/posts"}],"about":[{"href":"https:\/\/willydezutter.be\/index.php?rest_route=\/wp\/v2\/types\/post"}],"author":[{"embeddable":true,"href":"https:\/\/willydezutter.be\/index.php?rest_route=\/wp\/v2\/users\/3"}],"replies":[{"embeddable":true,"href":"https:\/\/willydezutter.be\/index.php?rest_route=%2Fwp%2Fv2%2Fcomments&post=1142"}],"version-history":[{"count":6,"href":"https:\/\/willydezutter.be\/index.php?rest_route=\/wp\/v2\/posts\/1142\/revisions"}],"predecessor-version":[{"id":1149,"href":"https:\/\/willydezutter.be\/index.php?rest_route=\/wp\/v2\/posts\/1142\/revisions\/1149"}],"wp:attachment":[{"href":"https:\/\/willydezutter.be\/index.php?rest_route=%2Fwp%2Fv2%2Fmedia&parent=1142"}],"wp:term":[{"taxonomy":"category","embeddable":true,"href":"https:\/\/willydezutter.be\/index.php?rest_route=%2Fwp%2Fv2%2Fcategories&post=1142"},{"taxonomy":"post_tag","embeddable":true,"href":"https:\/\/willydezutter.be\/index.php?rest_route=%2Fwp%2Fv2%2Ftags&post=1142"}],"curies":[{"name":"wp","href":"https:\/\/api.w.org\/{rel}","templated":true}]}}